{"id":59,"date":"2021-12-16T16:05:41","date_gmt":"2021-12-16T19:05:41","guid":{"rendered":"https:\/\/www.cepceciliameireles.com.br\/site\/?p=59"},"modified":"2022-03-16T20:08:44","modified_gmt":"2022-03-16T23:08:44","slug":"volta-as-aulas","status":"publish","type":"post","link":"https:\/\/www.cepceciliameireles.com.br\/site\/volta-as-aulas\/","title":{"rendered":"Volta \u00e0s aulas"},"content":{"rendered":"\n<p>N\u00e3o h\u00e1 momento mais rico do que retornar \u00e0s aulas. No ano em que o Centro Educacional Poetisa Cec\u00edlia Meireles completa seus 25 anos, de excel\u00eancia em ensinar, retornar ter\u00e1 um compromisso ainda mais prazeroso. Desta forma, no dia 31\/01, segunda-feira, aguardamos nossos alunos e alunas!<\/p>\n\n\n\n<figure class=\"wp-block-image size-full\"><img loading=\"lazy\" decoding=\"async\" width=\"526\" height=\"526\" src=\"https:\/\/www.cepceciliameireles.com.br\/site\/wp-content\/uploads\/2022\/03\/volta-as-aulas.jpg\" alt=\"\" class=\"wp-image-60\" srcset=\"https:\/\/www.cepceciliameireles.com.br\/site\/wp-content\/uploads\/2022\/03\/volta-as-aulas.jpg 526w, https:\/\/www.cepceciliameireles.com.br\/site\/wp-content\/uploads\/2022\/03\/volta-as-aulas-300x300.jpg 300w, https:\/\/www.cepceciliameireles.com.br\/site\/wp-content\/uploads\/2022\/03\/volta-as-aulas-150x150.jpg 150w\" sizes=\"auto, (max-width: 526px) 100vw, 526px\" \/><\/figure>\n","protected":false},"excerpt":{"rendered":"<p>N\u00e3o h\u00e1 momento mais rico do que retornar \u00e0s aulas. No ano em que o Centro Educacional Poetisa Cec\u00edlia Meireles completa seus 25 anos, de excel\u00eancia em ensinar, retornar ter\u00e1 um compromisso ainda mais prazeroso. Desta forma, no dia 31\/01, segunda-feira, aguardamos nossos alunos e alunas!<\/p>\n","protected":false},"author":1,"featured_media":0,"comment_status":"closed","ping_status":"closed","sticky":false,"template":"","format":"standard","meta":{"footnotes":""},"categories":[1],"tags":[],"class_list":["post-59","post","type-post","status-publish","format-standard","hentry","category-comunicados"],"_links":{"self":[{"href":"https:\/\/www.cepceciliameireles.com.br\/site\/wp-json\/wp\/v2\/posts\/59","targetHints":{"allow":["GET"]}}],"collection":[{"href":"https:\/\/www.cepceciliameireles.com.br\/site\/wp-json\/wp\/v2\/posts"}],"about":[{"href":"https:\/\/www.cepceciliameireles.com.br\/site\/wp-json\/wp\/v2\/types\/post"}],"author":[{"embeddable":true,"href":"https:\/\/www.cepceciliameireles.com.br\/site\/wp-json\/wp\/v2\/users\/1"}],"replies":[{"embeddable":true,"href":"https:\/\/www.cepceciliameireles.com.br\/site\/wp-json\/wp\/v2\/comments?post=59"}],"version-history":[{"count":1,"href":"https:\/\/www.cepceciliameireles.com.br\/site\/wp-json\/wp\/v2\/posts\/59\/revisions"}],"predecessor-version":[{"id":61,"href":"https:\/\/www.cepceciliameireles.com.br\/site\/wp-json\/wp\/v2\/posts\/59\/revisions\/61"}],"wp:attachment":[{"href":"https:\/\/www.cepceciliameireles.com.br\/site\/wp-json\/wp\/v2\/media?parent=59"}],"wp:term":[{"taxonomy":"category","embeddable":true,"href":"https:\/\/www.cepceciliameireles.com.br\/site\/wp-json\/wp\/v2\/categories?post=59"},{"taxonomy":"post_tag","embeddable":true,"href":"https:\/\/www.cepceciliameireles.com.br\/site\/wp-json\/wp\/v2\/tags?post=59"}],"curies":[{"name":"wp","href":"https:\/\/api.w.org\/{rel}","templated":true}]}}